{"id":690,"count":1,"description":"","link":"http:\/\/faroljornalismo.cc\/blog\/tag\/secao-de-comentarios\/","name":"se\u00e7\u00e3o de coment\u00e1rios","slug":"secao-de-comentarios","taxonomy":"post_tag","meta":[],"_links":{"self":[{"href":"http:\/\/faroljornalismo.cc\/blog\/wp-json\/wp\/v2\/tags\/690"}],"collection":[{"href":"http:\/\/faroljornalismo.cc\/blog\/wp-json\/wp\/v2\/tags"}],"about":[{"href":"http:\/\/faroljornalismo.cc\/blog\/wp-json\/wp\/v2\/taxonomies\/post_tag"}],"wp:post_type":[{"href":"http:\/\/faroljornalismo.cc\/blog\/wp-json\/wp\/v2\/posts?tags=690"}],"curies":[{"name":"wp","href":"https:\/\/api.w.org\/{rel}","templated":true}]}}